{"id":1439,"date":"2024-11-01T19:27:20","date_gmt":"2024-11-01T17:27:20","guid":{"rendered":"https:\/\/www.coche-seguro.es\/blog\/?p=1439"},"modified":"2024-11-01T19:27:20","modified_gmt":"2024-11-01T17:27:20","slug":"cuantos-fallecidos-hay-por-la-dana","status":"publish","type":"post","link":"https:\/\/www.coche-seguro.es\/blog\/cuantos-fallecidos-hay-por-la-dana\/11\/2024\/","title":{"rendered":"\u00bfCu\u00e1ntos fallecidos hay por la DANA? | Encontrados en sus coches"},"content":{"rendered":"<p><span style=\"font-weight: 400;\">Muchos titulares han actualizado el reporte sobre cu\u00e1ntos fallecidos hay por la DANA,<\/span><b> la cifra asciende a m\u00e1s de 200 personas. <\/b><span style=\"font-weight: 400;\">Una particularidad sobre la tragedia es que muchos fallecidos fueron hallados en sus coches.<\/span><\/p>\n<p><b>Hay cientos de coches repletos de escombros<\/b><span style=\"font-weight: 400;\"> y dem\u00e1s veh\u00edculos que est\u00e1n sumidos en lodo a causa de las inundaciones. Desafortunadamente son muchos los coches donde personas perdieron la vida en Valencia.<\/span><\/p>\n<p><span style=\"font-weight: 400;\">Todo sucedi\u00f3 con mucha rapidez, <\/span><b>en pocos minutos el agua arras\u00f3 con todo a su paso.<\/b><span style=\"font-weight: 400;\"> Varias personas fueron sorprendidas en plena carretera, actualmente hay decenas de carreteras y v\u00edas que a\u00fan no est\u00e1n habilitadas.<\/span><\/p>\n<table>\n<tbody>\n<tr>\n<td><b>Post en tendencia: <\/b><a title=\"Buitre en Zaragoza causa un accidente\" href=\"https:\/\/www.coche-seguro.es\/blog\/buitre-en-zaragoza\/07\/2024\/\" target=\"_blank\" rel=\"noopener\"><b>Buitre en Zaragoza causa un accidente a extranjeros<\/b><\/a><\/td>\n<\/tr>\n<\/tbody>\n<\/table>\n<h2><\/h2>\n<div id=\"ez-toc-container\" class=\"ez-toc-v2_0_82_2 counter-hierarchy ez-toc-counter ez-toc-grey ez-toc-container-direction\">\n<div class=\"ez-toc-title-container\">\n<p class=\"ez-toc-title\" style=\"cursor:inherit\">Table of Contents<\/p>\n<span class=\"ez-toc-title-toggle\"><a href=\"#\" class=\"ez-toc-pull-right ez-toc-btn ez-toc-btn-xs ez-toc-btn-default ez-toc-toggle\" aria-label=\"Alternar tabla de contenidos\"><span class=\"ez-toc-js-icon-con\"><span class=\"\"><span class=\"eztoc-hide\" style=\"display:none;\">Toggle<\/span><span class=\"ez-toc-icon-toggle-span\"><svg style=\"fill: #999;color:#999\" xmlns=\"http:\/\/www.w3.org\/2000\/svg\" class=\"list-377408\" width=\"20px\" height=\"20px\" viewBox=\"0 0 24 24\" fill=\"none\"><path d=\"M6 6H4v2h2V6zm14 0H8v2h12V6zM4 11h2v2H4v-2zm16 0H8v2h12v-2zM4 16h2v2H4v-2zm16 0H8v2h12v-2z\" fill=\"currentColor\"><\/path><\/svg><svg style=\"fill: #999;color:#999\" class=\"arrow-unsorted-368013\" xmlns=\"http:\/\/www.w3.org\/2000\/svg\" width=\"10px\" height=\"10px\" viewBox=\"0 0 24 24\" version=\"1.2\" baseProfile=\"tiny\"><path d=\"M18.2 9.3l-6.2-6.3-6.2 6.3c-.2.2-.3.4-.3.7s.1.5.3.7c.2.2.4.3.7.3h11c.3 0 .5-.1.7-.3.2-.2.3-.5.3-.7s-.1-.5-.3-.7zM5.8 14.7l6.2 6.3 6.2-6.3c.2-.2.3-.5.3-.7s-.1-.5-.3-.7c-.2-.2-.4-.3-.7-.3h-11c-.3 0-.5.1-.7.3-.2.2-.3.5-.3.7s.1.5.3.7z\"\/><\/svg><\/span><\/span><\/span><\/a><\/span><\/div>\n<nav><ul class='ez-toc-list ez-toc-list-level-1 ' ><li class='ez-toc-page-1 ez-toc-heading-level-2'><a class=\"ez-toc-link ez-toc-heading-1\" href=\"https:\/\/www.coche-seguro.es\/blog\/cuantos-fallecidos-hay-por-la-dana\/11\/2024\/#%C2%BFCuantos_fallecidos_hay_por_la_DANA\" >\u00bfCu\u00e1ntos fallecidos hay por la DANA?<\/a><\/li><li class='ez-toc-page-1 ez-toc-heading-level-2'><a class=\"ez-toc-link ez-toc-heading-2\" href=\"https:\/\/www.coche-seguro.es\/blog\/cuantos-fallecidos-hay-por-la-dana\/11\/2024\/#Hallan_8_fallecidos_en_un_garaje_en_Valencia\" >Hallan 8 fallecidos en un garaje en Valencia<\/a><\/li><li class='ez-toc-page-1 ez-toc-heading-level-2'><a class=\"ez-toc-link ez-toc-heading-3\" href=\"https:\/\/www.coche-seguro.es\/blog\/cuantos-fallecidos-hay-por-la-dana\/11\/2024\/#Muchos_intentaron_salvar_sus_coches_y_perdieron_la_vida\" >Muchos intentaron salvar sus coches y perdieron la vida<\/a><\/li><\/ul><\/nav><\/div>\n<h2><span class=\"ez-toc-section\" id=\"%C2%BFCuantos_fallecidos_hay_por_la_DANA\"><\/span><span style=\"color: #ff6600;\"><b>\u00bfCu\u00e1ntos fallecidos hay por la DANA?<\/b><\/span><span class=\"ez-toc-section-end\"><\/span><\/h2>\n<p><span style=\"font-weight: 400;\">En comunidades como Benet\u00fasser los efectos de la DANA fueron devastadores, <\/span><b>el martes el agua lo inund\u00f3 todo a gran velocidad.<\/b><span style=\"font-weight: 400;\"> Algunos vecinos pensaron que tendr\u00edan tiempo suficiente para sacar los coches de sus garajes, pero no fue posible.<\/span><\/p>\n<p><span style=\"font-weight: 400;\">El agua sorprendi\u00f3 a much\u00edsimas personas, esto lo confirma el an\u00e1lisis de cu\u00e1ntos fallecidos hay por la DANA. Pues <\/span><b>la mayor\u00eda de las v\u00edctimas mortales fueron encontradas en las carreteras.\u00a0<\/b><\/p>\n<p><a href=\"https:\/\/www.seguros-generales.es\/seguros-coche.html\" target=\"_blank\" rel=\"noopener\"><img loading=\"lazy\" decoding=\"async\" class=\"aligncenter wp-image-1412 size-full\" title=\"comparador de seguros de coches\" src=\"https:\/\/www.coche-seguro.es\/blog\/wp-content\/uploads\/2024\/08\/COCHE.png\" alt=\"comparador de seguros de coches\" width=\"600\" height=\"200\" srcset=\"https:\/\/www.coche-seguro.es\/blog\/wp-content\/uploads\/2024\/08\/COCHE.png 600w, https:\/\/www.coche-seguro.es\/blog\/wp-content\/uploads\/2024\/08\/COCHE-480x160.png 480w\" sizes=\"(min-width: 0px) and (max-width: 480px) 480px, (min-width: 481px) 600px, 100vw\" \/><\/a><\/p>\n<p><span style=\"font-weight: 400;\">Desafortunadamente, en <\/span><b>comunidades como Alfafar y Benet\u00fasser<\/b><span style=\"font-weight: 400;\"> la tragedia se instaur\u00f3 con fuerza. Muchos t\u00faneles y carreteras se convirtieron en cementerios de coches, las im\u00e1genes son completamente impactantes, y se cree que dentro de los coches pueden haber m\u00e1s v\u00edctimas mortales.<\/span><\/p>\n<p><span style=\"font-weight: 400;\">Hay cientos de personas desaparecidas, contin\u00faan las labores de b\u00fasqueda y <\/span><b>todos esperan poder conseguir a muchas personas con vida. <\/b><span style=\"font-weight: 400;\">Sin embargo, mientras m\u00e1s pasa el tiempo la situaci\u00f3n adopta un matiz m\u00e1s complicado.<\/span><\/p>\n<table>\n<tbody>\n<tr>\n<td>\n<p style=\"text-align: center;\"><span style=\"font-weight: 400;\">\u00bfQuieres obtener un respaldo y protecci\u00f3n ante riesgos? \u00a1Conseguimos la mejor opci\u00f3n para ti! Usa el <\/span><a title=\"comparador de seguros de coches\" href=\"https:\/\/www.seguros-generales.es\/seguros-coche.html\" target=\"_blank\" rel=\"noopener\"><b>comparador de seguros de coches<\/b><\/a> <span style=\"font-weight: 400;\">gratis.<\/span><\/p>\n<\/td>\n<\/tr>\n<\/tbody>\n<\/table>\n<h2><\/h2>\n<h2><span class=\"ez-toc-section\" id=\"Hallan_8_fallecidos_en_un_garaje_en_Valencia\"><\/span><span style=\"color: #ff6600;\"><b>Hallan 8 fallecidos en un garaje en Valencia<\/b><\/span><span class=\"ez-toc-section-end\"><\/span><\/h2>\n<p><span style=\"font-weight: 400;\">Analizar <\/span><b>cu\u00e1ntos fallecidos hay por la DANA<\/b><span style=\"font-weight: 400;\"> se ha convertido en una tarea sumamente complicada. El 31 de octubre los reportes mencionaban al menos 155 v\u00edctimas mortales, hoy 1 de noviembre se trata de al menos 202 personas fallecidas.\u00a0<\/span><\/p>\n<p><span style=\"font-weight: 400;\">Una de las historias m\u00e1s complicadas ocurri\u00f3 en un garaje, espec\u00edficamente en la comunidad de \u201cLa Torre\u201d. Adem\u00e1s, una de las <\/span><b>personas fallecidas halladas en el garaje de un edificio<\/b><span style=\"font-weight: 400;\"> es un agente de la Polic\u00eda Local, tambi\u00e9n hay otras tres v\u00edctimas que son parte de una misma familia.<\/span><\/p>\n<p><span style=\"font-weight: 400;\">La alcaldesa de la zona se mostr\u00f3 totalmente consternada por la situaci\u00f3n, ha mencionado que se deben <\/span><b><i>\u00abredoblar todos los esfuerzos\u00bb<\/i><\/b><span style=\"font-weight: 400;\">, para hacer frente a la emergencia y tratar de encontrar a la mayor cantidad de personas.<\/span><\/p>\n<p><span style=\"font-weight: 400;\">Por su parte, se encontr\u00f3 una novena v\u00edctima el jueves 29 de octubre, se trata de <\/span><b>una mujer de 45 a\u00f1os que fue hallada en su domicilio<\/b><span style=\"font-weight: 400;\"> entre escombros. Esto sucedi\u00f3 en el mismo edificio donde se encontraron varios fallecidos en el garaje.<\/span><\/p>\n<table>\n<tbody>\n<tr>\n<td><b>Post en tendencia: <\/b><a title=\"Coches japoneses que triunfaron en Espa\u00f1a\" href=\"https:\/\/www.coche-seguro.es\/blog\/coches-japoneses\/08\/2024\/\" target=\"_blank\" rel=\"noopener\"><b>5 Coches japoneses que triunfaron en Espa\u00f1a<\/b><\/a><\/td>\n<\/tr>\n<\/tbody>\n<\/table>\n<h2><\/h2>\n<h2><span class=\"ez-toc-section\" id=\"Muchos_intentaron_salvar_sus_coches_y_perdieron_la_vida\"><\/span><span style=\"color: #ff6600;\"><b>Muchos intentaron salvar sus coches y perdieron la vida<\/b><\/span><span class=\"ez-toc-section-end\"><\/span><\/h2>\n<p><span style=\"font-weight: 400;\">Los coches han tenido una gran participaci\u00f3n en medio de la desgracia en Valencia por efectos de la DANA. Muchas personas notaron c\u00f3mo <\/span><b>el agua segu\u00eda subiendo incluso estando en edificios<\/b><span style=\"font-weight: 400;\">, y decidieron intentar salvar en sus coches o tratar de escapar.<\/span><\/p>\n<p><span style=\"font-weight: 400;\">Pero esto caus\u00f3 un efecto devastador, en el caso de las personas fallecidas en el garaje, se cree que no pudieron salir por la velocidad con la que ingres\u00f3 el agua. La polic\u00eda logr\u00f3 identificar que el agua les llegaba<\/span><b> incluso a m\u00e1s de un metro y medio de altura.<\/b><\/p>\n","protected":false},"excerpt":{"rendered":"<p>Muchos titulares han actualizado el reporte sobre cu\u00e1ntos fallecidos hay por la DANA, la cifra asciende a m\u00e1s de 200 personas. Una particularidad sobre la tragedia es que muchos fallecidos fueron hallados en sus coches. Hay cientos de coches repletos de escombros y dem\u00e1s veh\u00edculos que est\u00e1n sumidos en lodo a causa de las inundaciones. [&hellip;]<\/p>\n","protected":false},"author":4,"featured_media":1440,"comment_status":"open","ping_status":"open","sticky":false,"template":"","format":"standard","meta":{"_et_pb_use_builder":"","_et_pb_old_content":"","_et_gb_content_width":"","footnotes":""},"categories":[42],"tags":[949,950,952,954,953,951],"class_list":["post-1439","post","type-post","status-publish","format-standard","has-post-thumbnail","hentry","category-noticias","tag-cuantos-fallecidos-hay-por-la-dana","tag-desaparecidos-valencia","tag-muertos-por-la-dana","tag-noticias-dana-hoy","tag-noticias-valencia-hoy","tag-victimas-valencia"],"_links":{"self":[{"href":"https:\/\/www.coche-seguro.es\/blog\/wp-json\/wp\/v2\/posts\/1439","targetHints":{"allow":["GET"]}}],"collection":[{"href":"https:\/\/www.coche-seguro.es\/blog\/wp-json\/wp\/v2\/posts"}],"about":[{"href":"https:\/\/www.coche-seguro.es\/blog\/wp-json\/wp\/v2\/types\/post"}],"author":[{"embeddable":true,"href":"https:\/\/www.coche-seguro.es\/blog\/wp-json\/wp\/v2\/users\/4"}],"replies":[{"embeddable":true,"href":"https:\/\/www.coche-seguro.es\/blog\/wp-json\/wp\/v2\/comments?post=1439"}],"version-history":[{"count":1,"href":"https:\/\/www.coche-seguro.es\/blog\/wp-json\/wp\/v2\/posts\/1439\/revisions"}],"predecessor-version":[{"id":1441,"href":"https:\/\/www.coche-seguro.es\/blog\/wp-json\/wp\/v2\/posts\/1439\/revisions\/1441"}],"wp:featuredmedia":[{"embeddable":true,"href":"https:\/\/www.coche-seguro.es\/blog\/wp-json\/wp\/v2\/media\/1440"}],"wp:attachment":[{"href":"https:\/\/www.coche-seguro.es\/blog\/wp-json\/wp\/v2\/media?parent=1439"}],"wp:term":[{"taxonomy":"category","embeddable":true,"href":"https:\/\/www.coche-seguro.es\/blog\/wp-json\/wp\/v2\/categories?post=1439"},{"taxonomy":"post_tag","embeddable":true,"href":"https:\/\/www.coche-seguro.es\/blog\/wp-json\/wp\/v2\/tags?post=1439"}],"curies":[{"name":"wp","href":"https:\/\/api.w.org\/{rel}","templated":true}]}}