{"id":1464,"date":"2025-02-16T04:46:07","date_gmt":"2025-02-16T02:46:07","guid":{"rendered":"https:\/\/www.coche-seguro.es\/blog\/?p=1464"},"modified":"2025-02-16T04:46:07","modified_gmt":"2025-02-16T02:46:07","slug":"hallan-el-coche-de-elizabeth-gil","status":"publish","type":"post","link":"https:\/\/www.coche-seguro.es\/blog\/hallan-el-coche-de-elizabeth-gil\/02\/2025\/","title":{"rendered":"Hallan el coche de Elizabeth Gil totalmente destrozado tras DANA"},"content":{"rendered":"<p><span style=\"font-weight: 400;\">La <\/span><b>desaparici\u00f3n de Elizabeth Gil<\/b><span style=\"font-weight: 400;\"> ha mantenido en vilo a sus familiares y a la comunidad valenciana desde el paso de la DANA que azot\u00f3 la regi\u00f3n el pasado 29 de octubre. Su caso ha sido uno de los m\u00e1s medi\u00e1ticos debido a las circunstancias en las que su veh\u00edculo fue arrastrado por la fuerza del agua.\u00a0<\/span><\/p>\n<p><span style=\"font-weight: 400;\">La Guardia Civil <\/span><b>ha localizado recientemente su coche en el barranco del Poyo<\/b><span style=\"font-weight: 400;\">, aunque sin rastro de ella en su interior, lo que deja abiertas m\u00faltiples hip\u00f3tesis sobre su paradero.<\/span><\/p>\n<p><a href=\"https:\/\/www.seguros-generales.es\/seguros-coche.html\" target=\"_blank\" rel=\"noopener\"><img loading=\"lazy\" decoding=\"async\" class=\"aligncenter wp-image-1412 size-full\" title=\"comparador de seguros de coches\" src=\"https:\/\/www.coche-seguro.es\/blog\/wp-content\/uploads\/2024\/08\/COCHE.png\" alt=\"comparador de seguros de coches\" width=\"600\" height=\"200\" srcset=\"https:\/\/www.coche-seguro.es\/blog\/wp-content\/uploads\/2024\/08\/COCHE.png 600w, https:\/\/www.coche-seguro.es\/blog\/wp-content\/uploads\/2024\/08\/COCHE-480x160.png 480w\" sizes=\"(min-width: 0px) and (max-width: 480px) 480px, (min-width: 481px) 600px, 100vw\" \/><\/a><\/p>\n<p><span style=\"font-weight: 400;\">El hallazgo del autom\u00f3vil, completamente destrozado, ha sido una pista clave para continuar con la b\u00fasqueda. La familia de Elizabeth Gil mantiene la esperanza de obtener respuestas.\u00a0<\/span><\/p>\n<p><span style=\"font-weight: 400;\">Mientras las autoridades <\/span><b>siguen intensificando los esfuerzos en las zonas m\u00e1s afectadas <\/b><span style=\"font-weight: 400;\">por la riada. Este caso ha evidenciado la magnitud del desastre y la necesidad de medidas de prevenci\u00f3n ante futuras cat\u00e1strofes naturales.<\/span><\/p>\n<table>\n<tbody>\n<tr>\n<td><b>Descubre: <\/b><a href=\"https:\/\/www.coche-seguro.es\/blog\/mejores-coches-2024\/02\/2025\/\"><b>Estos fueron los mejores coches 2024 Espa\u00f1a<\/b><\/a><\/td>\n<\/tr>\n<\/tbody>\n<\/table>\n<div id=\"ez-toc-container\" class=\"ez-toc-v2_0_82_2 counter-hierarchy ez-toc-counter ez-toc-grey ez-toc-container-direction\">\n<div class=\"ez-toc-title-container\">\n<p class=\"ez-toc-title\" style=\"cursor:inherit\">Table of Contents<\/p>\n<span class=\"ez-toc-title-toggle\"><a href=\"#\" class=\"ez-toc-pull-right ez-toc-btn ez-toc-btn-xs ez-toc-btn-default ez-toc-toggle\" aria-label=\"Alternar tabla de contenidos\"><span class=\"ez-toc-js-icon-con\"><span class=\"\"><span class=\"eztoc-hide\" style=\"display:none;\">Toggle<\/span><span class=\"ez-toc-icon-toggle-span\"><svg style=\"fill: #999;color:#999\" xmlns=\"http:\/\/www.w3.org\/2000\/svg\" class=\"list-377408\" width=\"20px\" height=\"20px\" viewBox=\"0 0 24 24\" fill=\"none\"><path d=\"M6 6H4v2h2V6zm14 0H8v2h12V6zM4 11h2v2H4v-2zm16 0H8v2h12v-2zM4 16h2v2H4v-2zm16 0H8v2h12v-2z\" fill=\"currentColor\"><\/path><\/svg><svg style=\"fill: #999;color:#999\" class=\"arrow-unsorted-368013\" xmlns=\"http:\/\/www.w3.org\/2000\/svg\" width=\"10px\" height=\"10px\" viewBox=\"0 0 24 24\" version=\"1.2\" baseProfile=\"tiny\"><path d=\"M18.2 9.3l-6.2-6.3-6.2 6.3c-.2.2-.3.4-.3.7s.1.5.3.7c.2.2.4.3.7.3h11c.3 0 .5-.1.7-.3.2-.2.3-.5.3-.7s-.1-.5-.3-.7zM5.8 14.7l6.2 6.3 6.2-6.3c.2-.2.3-.5.3-.7s-.1-.5-.3-.7c-.2-.2-.4-.3-.7-.3h-11c-.3 0-.5.1-.7.3-.2.2-.3.5-.3.7s.1.5.3.7z\"\/><\/svg><\/span><\/span><\/span><\/a><\/span><\/div>\n<nav><ul class='ez-toc-list ez-toc-list-level-1 ' ><li class='ez-toc-page-1 ez-toc-heading-level-2'><a class=\"ez-toc-link ez-toc-heading-1\" href=\"https:\/\/www.coche-seguro.es\/blog\/hallan-el-coche-de-elizabeth-gil\/02\/2025\/#%C2%BFCuantos_desaparecidos_hubo_por_la_DANA_en_Valencia\" >\u00bfCu\u00e1ntos desaparecidos hubo por la DANA en Valencia?<\/a><\/li><li class='ez-toc-page-1 ez-toc-heading-level-2'><a class=\"ez-toc-link ez-toc-heading-2\" href=\"https:\/\/www.coche-seguro.es\/blog\/hallan-el-coche-de-elizabeth-gil\/02\/2025\/#%C2%BFDonde_hallaron_el_coche_de_Elizabeth_Gil\" >\u00bfD\u00f3nde hallaron el coche de Elizabeth Gil?<\/a><ul class='ez-toc-list-level-3' ><li class='ez-toc-heading-level-3'><a class=\"ez-toc-link ez-toc-heading-3\" href=\"https:\/\/www.coche-seguro.es\/blog\/hallan-el-coche-de-elizabeth-gil\/02\/2025\/#La_investigacion_judicial_en_curso\" >La investigaci\u00f3n judicial en curso<\/a><\/li><\/ul><\/li><li class='ez-toc-page-1 ez-toc-heading-level-2'><a class=\"ez-toc-link ez-toc-heading-4\" href=\"https:\/\/www.coche-seguro.es\/blog\/hallan-el-coche-de-elizabeth-gil\/02\/2025\/#Trafico_ilegal_de_vehiculos_afectados_por_la_DANA\" >Tr\u00e1fico ilegal de veh\u00edculos afectados por la DANA<\/a><\/li><\/ul><\/nav><\/div>\n<h2><span class=\"ez-toc-section\" id=\"%C2%BFCuantos_desaparecidos_hubo_por_la_DANA_en_Valencia\"><\/span><span style=\"color: #ff6600;\"><b>\u00bfCu\u00e1ntos desaparecidos hubo por la DANA en Valencia?<\/b><\/span><span class=\"ez-toc-section-end\"><\/span><\/h2>\n<p><span style=\"font-weight: 400;\">La DANA que golpe\u00f3 la Comunidad Valenciana dej\u00f3 un saldo de m\u00faltiples da\u00f1os materiales y humanos. Adem\u00e1s de la <\/span><b>desaparici\u00f3n de Elizabeth Gil<\/b><span style=\"font-weight: 400;\">, hubo al menos otras dos personas que siguen en paradero desconocido tras la riada.\u00a0<\/span><\/p>\n<p><span style=\"font-weight: 400;\">Las intensas lluvias provocaron el desbordamiento de r\u00edos y barrancos, generando una situaci\u00f3n de emergencia sin precedentes. Los equipos de rescate <\/span><b>han trabajado incansablemente<\/b><span style=\"font-weight: 400;\"> en la b\u00fasqueda de las v\u00edctimas, con apoyo de drones, perros rastreadores y buzos especializados.\u00a0<\/span><\/p>\n<p><span style=\"font-weight: 400;\">Adem\u00e1s la incertidumbre persiste entre los familiares de los desaparecidos, quienes claman por respuestas y justicia ante lo ocurrido. Las autoridades <\/span><b>han prometido mantener los esfuerzos<\/b><span style=\"font-weight: 400;\"> hasta dar con el paradero de todas las personas afectadas por la tragedia.<\/span><\/p>\n<h2><span class=\"ez-toc-section\" id=\"%C2%BFDonde_hallaron_el_coche_de_Elizabeth_Gil\"><\/span><span style=\"color: #ff6600;\"><b>\u00bfD\u00f3nde hallaron el coche de Elizabeth Gil?<\/b><\/span><span class=\"ez-toc-section-end\"><\/span><\/h2>\n<p><span style=\"font-weight: 400;\">El veh\u00edculo de Elizabeth Gil fue encontrado en el barranco del Poyo, <\/span><b>una zona que sufri\u00f3 graves inundaciones durante la DANA.<\/b><span style=\"font-weight: 400;\"> Las condiciones en las que fue hallado el coche muestran la fuerza con la que el agua arrastr\u00f3 todo a su paso.\u00a0<\/span><\/p>\n<p><span style=\"font-weight: 400;\">Seg\u00fan las investigaciones, el veh\u00edculo estaba tan da\u00f1ado que solo se pudo identificar gracias a los documentos que quedaron preservados en su interior.<\/span><\/p>\n<p><span style=\"font-weight: 400;\">El descubrimiento del coche representa un punto de inflexi\u00f3n en la investigaci\u00f3n, ya que permite delimitar mejor la zona en la que se debe continuar la b\u00fasqueda. La familia ha manifestado su deseo de <\/span><b>que las labores de rastreo no cesen<\/b><span style=\"font-weight: 400;\"> hasta obtener respuestas concretas sobre lo que pudo haberle sucedido a Elizabeth Gil<\/span><\/p>\n<table>\n<tbody>\n<tr>\n<td><b>Descubre: <\/b><a title=\"Tesla Model Y\" href=\"https:\/\/www.coche-seguro.es\/blog\/asi-es-el-nuevo-tesla-model-y\/01\/2025\/\" target=\"_blank\" rel=\"noopener\"><b>As\u00ed es el nuevo Tesla Model Y que te dejar\u00e1 sorprendido<\/b><\/a><\/td>\n<\/tr>\n<\/tbody>\n<\/table>\n<h3><span class=\"ez-toc-section\" id=\"La_investigacion_judicial_en_curso\"><\/span><span style=\"color: #ff6600;\"><b>La investigaci\u00f3n judicial en curso<\/b><\/span><span class=\"ez-toc-section-end\"><\/span><\/h3>\n<p><span style=\"font-weight: 400;\">La jueza encargada del caso sigue recopilando pruebas para esclarecer las circunstancias de la tragedia. Se han recogido<\/span><b> testimonios de m\u00e1s de 30 familiares y testigos, <\/b><span style=\"font-weight: 400;\">quienes han proporcionado informaci\u00f3n clave sobre el momento en que se emitieron las alertas de emergencia por parte de la Generalitat.<\/span><\/p>\n<p><span style=\"font-weight: 400;\">Uno de los aspectos m\u00e1s pol\u00e9micos de la investigaci\u00f3n es determinar por qu\u00e9 la alerta masiva se envi\u00f3 a las 20:11, cuando las inundaciones ya hab\u00edan causado estragos en la regi\u00f3n. Tambi\u00e9n se han solicitado informes periciales sobre los da\u00f1os psicol\u00f3gicos que han sufrido los afectados y sus familias debido a la cat\u00e1strofe.<\/span><\/p>\n<table>\n<tbody>\n<tr>\n<td>\n<p style=\"text-align: center;\"><b>\u00a1SELECCIONA EL MEJOR SEGURO PARA TU RESPALDO Y TRANQUILIDAD! USA EL <\/b><a title=\"COMPARADOR DE SEGUROS DE COCHES\" href=\"https:\/\/www.seguros-generales.es\/seguros-coche.html\" target=\"_blank\" rel=\"noopener\"><b>COMPARADOR DE SEGUROS DE COCHES<\/b><\/a><b> GRATIS Y APROVECHA LAS OFERTAS.\u00a0<\/b><\/p>\n<\/td>\n<\/tr>\n<\/tbody>\n<\/table>\n<h2><span class=\"ez-toc-section\" id=\"Trafico_ilegal_de_vehiculos_afectados_por_la_DANA\"><\/span><span style=\"color: #ff6600;\"><b>Tr\u00e1fico ilegal de veh\u00edculos afectados por la DANA<\/b><\/span><span class=\"ez-toc-section-end\"><\/span><\/h2>\n<p><span style=\"font-weight: 400;\">En paralelo a la b\u00fasqueda de los desaparecidos, la Guardia Civil ha desmantelado una red de tr\u00e1fico ilegal de veh\u00edculos afectados por la DANA. En la operaci\u00f3n \u00abDark Soul\u00bb, se ha investigado a tres personas en Granada por la sustracci\u00f3n y reventa de coches da\u00f1ados por las inundaciones.<\/span><\/p>\n<p><span style=\"font-weight: 400;\">Durante la operaci\u00f3n, los agentes localizaron 107 veh\u00edculos en naves industriales de la localidad de D\u00f3lar, 12 de los cuales hab\u00edan sido denunciados como robados. Se presume que la red se dedicaba a extraer piezas de estos coches para su venta en el mercado negro. La investigaci\u00f3n sigue abierta y no se descartan nuevas detenciones.<\/span><\/p>\n","protected":false},"excerpt":{"rendered":"<p>La desaparici\u00f3n de Elizabeth Gil ha mantenido en vilo a sus familiares y a la comunidad valenciana desde el paso de la DANA que azot\u00f3 la regi\u00f3n el pasado 29 de octubre. Su caso ha sido uno de los m\u00e1s medi\u00e1ticos debido a las circunstancias en las que su veh\u00edculo fue arrastrado por la fuerza [&hellip;]<\/p>\n","protected":false},"author":4,"featured_media":1465,"comment_status":"open","ping_status":"open","sticky":false,"template":"","format":"standard","meta":{"_et_pb_use_builder":"","_et_pb_old_content":"","_et_gb_content_width":"","footnotes":""},"categories":[42],"tags":[985,986,981,984,983,982],"class_list":["post-1464","post","type-post","status-publish","format-standard","has-post-thumbnail","hentry","category-noticias","tag-coches-dana","tag-desaparecidos-dana","tag-elizabeth-gil","tag-elizabeth-gil-desaparecida","tag-elizabeth-gil-hoy","tag-elizabeth-gil-noticias"],"_links":{"self":[{"href":"https:\/\/www.coche-seguro.es\/blog\/wp-json\/wp\/v2\/posts\/1464","targetHints":{"allow":["GET"]}}],"collection":[{"href":"https:\/\/www.coche-seguro.es\/blog\/wp-json\/wp\/v2\/posts"}],"about":[{"href":"https:\/\/www.coche-seguro.es\/blog\/wp-json\/wp\/v2\/types\/post"}],"author":[{"embeddable":true,"href":"https:\/\/www.coche-seguro.es\/blog\/wp-json\/wp\/v2\/users\/4"}],"replies":[{"embeddable":true,"href":"https:\/\/www.coche-seguro.es\/blog\/wp-json\/wp\/v2\/comments?post=1464"}],"version-history":[{"count":2,"href":"https:\/\/www.coche-seguro.es\/blog\/wp-json\/wp\/v2\/posts\/1464\/revisions"}],"predecessor-version":[{"id":1467,"href":"https:\/\/www.coche-seguro.es\/blog\/wp-json\/wp\/v2\/posts\/1464\/revisions\/1467"}],"wp:featuredmedia":[{"embeddable":true,"href":"https:\/\/www.coche-seguro.es\/blog\/wp-json\/wp\/v2\/media\/1465"}],"wp:attachment":[{"href":"https:\/\/www.coche-seguro.es\/blog\/wp-json\/wp\/v2\/media?parent=1464"}],"wp:term":[{"taxonomy":"category","embeddable":true,"href":"https:\/\/www.coche-seguro.es\/blog\/wp-json\/wp\/v2\/categories?post=1464"},{"taxonomy":"post_tag","embeddable":true,"href":"https:\/\/www.coche-seguro.es\/blog\/wp-json\/wp\/v2\/tags?post=1464"}],"curies":[{"name":"wp","href":"https:\/\/api.w.org\/{rel}","templated":true}]}}