{"id":875,"date":"2020-03-23T18:43:51","date_gmt":"2020-03-23T16:43:51","guid":{"rendered":"https:\/\/www.coche-seguro.es\/blog\/?p=875"},"modified":"2023-12-17T23:35:37","modified_gmt":"2023-12-17T21:35:37","slug":"las-ventas-de-coches-son-afectadas-por-el-coronavirus","status":"publish","type":"post","link":"https:\/\/www.coche-seguro.es\/blog\/las-ventas-de-coches-son-afectadas-por-el-coronavirus\/03\/2020\/","title":{"rendered":"Las ventas de coches son afectadas por el Coronavirus"},"content":{"rendered":"<p>Las ventas de coches a nivel mundial han ca\u00eddo y Espa\u00f1a no es la excepci\u00f3n. Efectivamente, nada mas <strong>en China, las ventas cayeron un 92%<\/strong> durante la cuarentena. Los concesionarios en ese pa\u00eds cerraron, las f\u00e1bricas pararon la producci\u00f3n y las matriculaciones tambi\u00e9n cayeron.<\/p>\n<p>De acuerdo a informaci\u00f3n suministrada por la China Passenger Car Association, las ventas de coche en febrero cayeron en un 92%. De acuerdo a la CPCA, muy pocas personas intentaron comprar veh\u00edculos en febrero. As\u00ed mismo se\u00f1alaron que las ventas diarias tuvieron una ca\u00edda del 96%.<\/p>\n<p>Sin embargo, la CPCA afirmo que para la segunda quincena de febrero, se produjo una recuperaci\u00f3n. En efecto, las ventas subieron un 7% durante este periodo. No obstante, la ca\u00edda de las ventas continua por debajo, en un 89%. Aun cuando esta situaci\u00f3n se presume como temporal, ya las ventas en 2019 hab\u00edan sufrido una baja del 7,4%<\/p>\n<blockquote><p><strong>Asegure su veh\u00edculo con el mejor <\/strong><a href=\"https:\/\/www.seguros-generales.es\/seguros-coche.html\" target=\"_blank\" rel=\"noopener\"><strong>seguro de coches<\/strong><\/a><\/p><\/blockquote>\n<div id=\"ez-toc-container\" class=\"ez-toc-v2_0_82_2 counter-hierarchy ez-toc-counter ez-toc-grey ez-toc-container-direction\">\n<div class=\"ez-toc-title-container\">\n<p class=\"ez-toc-title\" style=\"cursor:inherit\">Table of Contents<\/p>\n<span class=\"ez-toc-title-toggle\"><a href=\"#\" class=\"ez-toc-pull-right ez-toc-btn ez-toc-btn-xs ez-toc-btn-default ez-toc-toggle\" aria-label=\"Alternar tabla de contenidos\"><span class=\"ez-toc-js-icon-con\"><span class=\"\"><span class=\"eztoc-hide\" style=\"display:none;\">Toggle<\/span><span class=\"ez-toc-icon-toggle-span\"><svg style=\"fill: #999;color:#999\" xmlns=\"http:\/\/www.w3.org\/2000\/svg\" class=\"list-377408\" width=\"20px\" height=\"20px\" viewBox=\"0 0 24 24\" fill=\"none\"><path d=\"M6 6H4v2h2V6zm14 0H8v2h12V6zM4 11h2v2H4v-2zm16 0H8v2h12v-2zM4 16h2v2H4v-2zm16 0H8v2h12v-2z\" fill=\"currentColor\"><\/path><\/svg><svg style=\"fill: #999;color:#999\" class=\"arrow-unsorted-368013\" xmlns=\"http:\/\/www.w3.org\/2000\/svg\" width=\"10px\" height=\"10px\" viewBox=\"0 0 24 24\" version=\"1.2\" baseProfile=\"tiny\"><path d=\"M18.2 9.3l-6.2-6.3-6.2 6.3c-.2.2-.3.4-.3.7s.1.5.3.7c.2.2.4.3.7.3h11c.3 0 .5-.1.7-.3.2-.2.3-.5.3-.7s-.1-.5-.3-.7zM5.8 14.7l6.2 6.3 6.2-6.3c.2-.2.3-.5.3-.7s-.1-.5-.3-.7c-.2-.2-.4-.3-.7-.3h-11c-.3 0-.5.1-.7.3-.2.2-.3.5-.3.7s.1.5.3.7z\"\/><\/svg><\/span><\/span><\/span><\/a><\/span><\/div>\n<nav><ul class='ez-toc-list ez-toc-list-level-1 ' ><li class='ez-toc-page-1 ez-toc-heading-level-2'><a class=\"ez-toc-link ez-toc-heading-1\" href=\"https:\/\/www.coche-seguro.es\/blog\/las-ventas-de-coches-son-afectadas-por-el-coronavirus\/03\/2020\/#Tambien_caen_las_ventas_en_Europa\" >Tambi\u00e9n caen las ventas en Europa<\/a><ul class='ez-toc-list-level-3' ><li class='ez-toc-heading-level-3'><a class=\"ez-toc-link ez-toc-heading-2\" href=\"https:\/\/www.coche-seguro.es\/blog\/las-ventas-de-coches-son-afectadas-por-el-coronavirus\/03\/2020\/#Las_ventas_de_coches_nuevos_en_Espana\" >Las ventas de coches nuevos en Espa\u00f1a<\/a><\/li><li class='ez-toc-page-1 ez-toc-heading-level-3'><a class=\"ez-toc-link ez-toc-heading-3\" href=\"https:\/\/www.coche-seguro.es\/blog\/las-ventas-de-coches-son-afectadas-por-el-coronavirus\/03\/2020\/#Los_usados_tambien_caen_en_Espana\" >Los usados tambi\u00e9n caen en Espa\u00f1a<\/a><\/li><\/ul><\/li><\/ul><\/nav><\/div>\n<h2><span class=\"ez-toc-section\" id=\"Tambien_caen_las_ventas_en_Europa\"><\/span>Tambi\u00e9n caen las ventas en Europa<span class=\"ez-toc-section-end\"><\/span><\/h2>\n<p>La Asociaci\u00f3n de Constructores Europeos de Autom\u00f3viles ha aportado datos que indican que <strong>en Europa tambi\u00e9n han ca\u00eddo las ventas de coches<\/strong>. De acuerdo a ACEA, las ventas de coches durante el pasado mes de febrero, tuvieron un descenso del 7,2%. Seg\u00fan ACEA, en Europa en el mes de <strong>febrero de 2020, se vendieron 1,06 millones de unidades<\/strong> de turismos y todoterrenos.<\/p>\n<p>Esta ca\u00edda se evidencia al comparar estas cifras con los 1,14 millones de unidades vendidas en Europa en febrero de 2019. Las ventas de coches estuvieron en baja, en los cinco mercados principales del continente europeo. Es as\u00ed como en Alemania las ventas cayeron un 10,8%. Mientras que en <strong>Italia la disminuci\u00f3n fue del 8,8%.<\/strong> Por su parte en <strong>Espa\u00f1a cayeron un 6%,<\/strong> en el Reino Unido un 2,9% y en Francia un 2,7%<\/p>\n<p>As\u00ed mismo las marcas mas afectadas en Europa, fueron <strong>Volkswagen registro ca\u00edda del 9,7%<\/strong>, registrando ventas de 119.281 veh\u00edculos. La francesa Renault rena ca\u00edda del 7,1% con la venta de 73.622 veh\u00edculos Por su parte la tambi\u00e9n francesa Peugeot disminuyo sus ventas en un 4,9% al registrar ventas de 75.291 veh\u00edculos.<\/p>\n<blockquote><p><a href=\"https:\/\/www.seguroslowcost.es\/seguros-coche-lowcost.html\" target=\"_blank\" rel=\"noopener\">Revise los nuevos seguros de coche low cost para que haga siempre la mejor elecci\u00f3n del mercado<\/a><\/p><\/blockquote>\n<h3><span class=\"ez-toc-section\" id=\"Las_ventas_de_coches_nuevos_en_Espana\"><\/span>Las ventas de coches nuevos en Espa\u00f1a<span class=\"ez-toc-section-end\"><\/span><\/h3>\n<p>Seg\u00fan datos aportados por Faconauto <strong>las ventas de veh\u00edculos nuevos cayeron durante el Estado de Alarma<\/strong>. De acuerdo a estos datos, durante la primera semana del estado de alarma, se registraron 4.169 ventas. Esta cifra equivale a una ca\u00edda en las matriculaciones de autom\u00f3viles nuevos del <strong>85,3%.<\/strong><\/p>\n<p>As\u00ed mismo, estiman que este a\u00f1o 2020 las ventas de veh\u00edculos nuevos sufrir\u00e1n una ca\u00edda del 29,3% con respecto al 2019. Esta situaci\u00f3n mantiene a este sector en baja, ya que durante el 2019 tuvo una ca\u00edda del 5% respecto al ejercicio de 2018. Seg\u00fan estas previsiones las ca\u00eddas m\u00e1s fuertes se producir\u00e1n en los meses de <strong>marzo con una disminuci\u00f3n del 65,7% y abril, con un 72,2%.<\/strong><\/p>\n<h3><span class=\"ez-toc-section\" id=\"Los_usados_tambien_caen_en_Espana\"><\/span>Los usados tambi\u00e9n caen en Espa\u00f1a<span class=\"ez-toc-section-end\"><\/span><\/h3>\n<p>De acuerdo al informe de la Asociaci\u00f3n Nacional de Vendedores de Veh\u00edculos a Motor, Reparaci\u00f3n y Recambio de Espa\u00f1a, las ventas de veh\u00edculos usados han ca\u00eddo. As\u00ed los demuestran los datos recabados por Ideauto para la GANVAM. Seg\u00fan las cifras este a\u00f1o se han registrado la venta de 15.709 veh\u00edculos, lo que significa una <strong>ca\u00edda del 63,4%.<\/strong><\/p>\n<p>De acuerdo a estos datos, en el mes de marzo, se mantuvo una tendencia a la baja. En forma general, durante los primeros veinte d\u00edas de marzo, se observ\u00f3 una ca\u00edda pr\u00f3xima al 10% en el mercado de segunda mano. Seg\u00fan los datos, en este periodo se vendieron un total de 113.174 unidades, lo que equivale a un <strong>descenso del 78,8%.<\/strong><\/p>\n<p>Indudablemente que el estado de Alarma decretado por el Gobierno Nacional mediante el Real Decreto 463\/2020, ha provocado esta situaci\u00f3n. Seg\u00fan GANVAN, la cifra se sit\u00faa en una reducci\u00f3n del 8 al 0,9% a finales de mes. Sin embargo, tambi\u00e9n han aclarado, que estas cifras no involucran al mercado digital.<\/p>\n<p>Este mercado digital, se basa en las reservas de veh\u00edculos, raz\u00f3n por la cual no aparecen en las estad\u00edsticas. Sin embargo, se estima que al cesar el Estado de Alarma, se formalizaran todas esas ventas.<\/p>\n<blockquote><p>Utilice siempre el mejor <a href=\"https:\/\/www.seguros-generales.es\/\" target=\"_blank\" rel=\"noopener\">comparador de seguros de coche<\/a> para proteger por completo su veh\u00edculo<\/p><\/blockquote>\n","protected":false},"excerpt":{"rendered":"<p>Las ventas de coches a nivel mundial han ca\u00eddo y Espa\u00f1a no es la excepci\u00f3n. Efectivamente, nada mas en China, las ventas cayeron un 92% durante la cuarentena. Los concesionarios en ese pa\u00eds cerraron, las f\u00e1bricas pararon la producci\u00f3n y las matriculaciones tambi\u00e9n cayeron. De acuerdo a informaci\u00f3n suministrada por la China Passenger Car Association, [&hellip;]<\/p>\n","protected":false},"author":1,"featured_media":876,"comment_status":"open","ping_status":"open","sticky":false,"template":"","format":"standard","meta":{"_et_pb_use_builder":"","_et_pb_old_content":"","_et_gb_content_width":"","footnotes":""},"categories":[624,45],"tags":[],"class_list":["post-875","post","type-post","status-publish","format-standard","has-post-thumbnail","hentry","category-coronavirus","category-ventas-de-coches"],"_links":{"self":[{"href":"https:\/\/www.coche-seguro.es\/blog\/wp-json\/wp\/v2\/posts\/875","targetHints":{"allow":["GET"]}}],"collection":[{"href":"https:\/\/www.coche-seguro.es\/blog\/wp-json\/wp\/v2\/posts"}],"about":[{"href":"https:\/\/www.coche-seguro.es\/blog\/wp-json\/wp\/v2\/types\/post"}],"author":[{"embeddable":true,"href":"https:\/\/www.coche-seguro.es\/blog\/wp-json\/wp\/v2\/users\/1"}],"replies":[{"embeddable":true,"href":"https:\/\/www.coche-seguro.es\/blog\/wp-json\/wp\/v2\/comments?post=875"}],"version-history":[{"count":1,"href":"https:\/\/www.coche-seguro.es\/blog\/wp-json\/wp\/v2\/posts\/875\/revisions"}],"predecessor-version":[{"id":877,"href":"https:\/\/www.coche-seguro.es\/blog\/wp-json\/wp\/v2\/posts\/875\/revisions\/877"}],"wp:featuredmedia":[{"embeddable":true,"href":"https:\/\/www.coche-seguro.es\/blog\/wp-json\/wp\/v2\/media\/876"}],"wp:attachment":[{"href":"https:\/\/www.coche-seguro.es\/blog\/wp-json\/wp\/v2\/media?parent=875"}],"wp:term":[{"taxonomy":"category","embeddable":true,"href":"https:\/\/www.coche-seguro.es\/blog\/wp-json\/wp\/v2\/categories?post=875"},{"taxonomy":"post_tag","embeddable":true,"href":"https:\/\/www.coche-seguro.es\/blog\/wp-json\/wp\/v2\/tags?post=875"}],"curies":[{"name":"wp","href":"https:\/\/api.w.org\/{rel}","templated":true}]}}