{"id":916,"date":"2020-09-14T21:37:43","date_gmt":"2020-09-14T19:37:43","guid":{"rendered":"https:\/\/www.coche-seguro.es\/blog\/?p=916"},"modified":"2023-12-17T23:30:31","modified_gmt":"2023-12-17T21:30:31","slug":"uso-de-mascarillas-en-el-coche-es-apropiado-o-no","status":"publish","type":"post","link":"https:\/\/www.coche-seguro.es\/blog\/uso-de-mascarillas-en-el-coche-es-apropiado-o-no\/09\/2020\/","title":{"rendered":"Uso de mascarillas en el coche: \u00bfes apropiado o no?"},"content":{"rendered":"<p>El uso de mascarillas a causa del COVID-19 es obligatorio cuando estamos fuera de nuestros hogares, esto como una medida para evitar la propagaci\u00f3n del virus.<\/p>\n<p>Sin embargo, hay una duda recurrente para los conductores, \u00bfqu\u00e9 tan apropiado es llevar la mascarilla dentro del coche?<\/p>\n<p>Quienes tienen que viajar en transporte p\u00fablico deben compartir dicho medio de transporte con diferentes personas a quienes no conocen, y adem\u00e1s no tienen la posibilidad de respetar la distancia social, m\u00e1s cuando se tiene coche propio las condiciones cambian.<\/p>\n<p>Aquellos que viajan a bordo de su coche no deben utilizar el cubre boca cuando viajan solas, ya que el carro brinda protecci\u00f3n en contra del Coronavirus.<\/p>\n<p>Sin embargo <b>hay lineamientos legales que deben ser respetados a fin de evitar una multa<\/b>, como solo viajar con un pasajero por cada fila de asientos.<\/p>\n<p>En este punto hay que recalcar que hay veh\u00edculos que cuentan con siete plazas distribuida entre tres hileras, en ese caso podr\u00e1n viajar hasta tres personas.<\/p>\n<div class='et-box et-shadow'>\n\t\t\t\t\t<div class='et-box-content'><strong>Asegure su veh\u00edculo con el mejor <\/strong><a href=\"https:\/\/www.seguros-generales.es\/seguros-coche.html\" target=\"_blank\" rel=\"noopener\">seguro de coches<\/a><\/div><\/div>\n<div id=\"ez-toc-container\" class=\"ez-toc-v2_0_82_2 counter-hierarchy ez-toc-counter ez-toc-grey ez-toc-container-direction\">\n<div class=\"ez-toc-title-container\">\n<p class=\"ez-toc-title\" style=\"cursor:inherit\">Table of Contents<\/p>\n<span class=\"ez-toc-title-toggle\"><a href=\"#\" class=\"ez-toc-pull-right ez-toc-btn ez-toc-btn-xs ez-toc-btn-default ez-toc-toggle\" aria-label=\"Alternar tabla de contenidos\"><span class=\"ez-toc-js-icon-con\"><span class=\"\"><span class=\"eztoc-hide\" style=\"display:none;\">Toggle<\/span><span class=\"ez-toc-icon-toggle-span\"><svg style=\"fill: #999;color:#999\" xmlns=\"http:\/\/www.w3.org\/2000\/svg\" class=\"list-377408\" width=\"20px\" height=\"20px\" viewBox=\"0 0 24 24\" fill=\"none\"><path d=\"M6 6H4v2h2V6zm14 0H8v2h12V6zM4 11h2v2H4v-2zm16 0H8v2h12v-2zM4 16h2v2H4v-2zm16 0H8v2h12v-2z\" fill=\"currentColor\"><\/path><\/svg><svg style=\"fill: #999;color:#999\" class=\"arrow-unsorted-368013\" xmlns=\"http:\/\/www.w3.org\/2000\/svg\" width=\"10px\" height=\"10px\" viewBox=\"0 0 24 24\" version=\"1.2\" baseProfile=\"tiny\"><path d=\"M18.2 9.3l-6.2-6.3-6.2 6.3c-.2.2-.3.4-.3.7s.1.5.3.7c.2.2.4.3.7.3h11c.3 0 .5-.1.7-.3.2-.2.3-.5.3-.7s-.1-.5-.3-.7zM5.8 14.7l6.2 6.3 6.2-6.3c.2-.2.3-.5.3-.7s-.1-.5-.3-.7c-.2-.2-.4-.3-.7-.3h-11c-.3 0-.5.1-.7.3-.2.2-.3.5-.3.7s.1.5.3.7z\"\/><\/svg><\/span><\/span><\/span><\/a><\/span><\/div>\n<nav><ul class='ez-toc-list ez-toc-list-level-1 ' ><li class='ez-toc-page-1 ez-toc-heading-level-2'><a class=\"ez-toc-link ez-toc-heading-1\" href=\"https:\/\/www.coche-seguro.es\/blog\/uso-de-mascarillas-en-el-coche-es-apropiado-o-no\/09\/2020\/#Las_leyes_y_el_uso_de_las_mascarillas\" >Las leyes y el uso de las mascarillas<\/a><\/li><li class='ez-toc-page-1 ez-toc-heading-level-2'><a class=\"ez-toc-link ez-toc-heading-2\" href=\"https:\/\/www.coche-seguro.es\/blog\/uso-de-mascarillas-en-el-coche-es-apropiado-o-no\/09\/2020\/#Consideraciones_a_la_hora_de_usar_tu_mascarilla\" >Consideraciones a la hora de usar tu mascarilla<\/a><\/li><\/ul><\/nav><\/div>\n<h2><span class=\"ez-toc-section\" id=\"Las_leyes_y_el_uso_de_las_mascarillas\"><\/span><b>Las leyes y el uso de las mascarillas<\/b><span class=\"ez-toc-section-end\"><\/span><\/h2>\n<p>Sabemos el COVID-19 es un virus nuevo que se contagia con gran facilidad, siendo las v\u00edas respiratorias las principales puertas por donde el virus irrumpe en nuestro organismo.<\/p>\n<p>Debido a esto, en Espa\u00f1a se emiti\u00f3 el Real Decreto 463\/2020 el pasado 14 de marzo, en el cual <b>queda establecida la limitaci\u00f3n de movilizaci\u00f3n por parte de los ciudadanos<\/b>.<\/p>\n<p>Dicho decreto reza en el art\u00edculo 7, que la poblaci\u00f3n solo podr\u00eda desplazarse de manera individual y en situaciones en las que resultara esencial. Esto incluye las salidas en coche, pero en el caso puntual del uso de las mascarillas, hay una serie de normativas que se deben tener en cuenta.<\/p>\n<p><b>Principalmente hay que poner atenci\u00f3n a la cantidad de personas que pueden viajar en el mismo coche<\/b>, el cual puede ser entre una a tres personas, cuando no residen en el mismo hogar.<\/p>\n<p>En ese caso todos los ocupantes del veh\u00edculo deben tomar las medidas necesarias, como llevar mascarillas, sentarse lo m\u00e1s alejado posible unos de otros y adoptar una posici\u00f3n cruzada como forma de barrera.<\/p>\n<p>Por otra parte, el art\u00edculo 18 del Reglamento General de Circulaci\u00f3n expresa que \u201cel conductor de un veh\u00edculo est\u00e1 obligado a mantener su propia libertad de movimientos, el campo necesario de visi\u00f3n y la atenci\u00f3n permanente a la conducci\u00f3n, que garanticen su propia seguridad, la del resto de los ocupantes del veh\u00edculo y la de los dem\u00e1s usuarios de la v\u00eda\u201d.<\/p>\n<div class='et-box et-shadow'>\n\t\t\t\t\t<div class='et-box-content'>Utilice siempre el mejor <a href=\"https:\/\/www.seguros-generales.es\/\" target=\"_blank\" rel=\"noopener\">comparador de seguros de coche<\/a> para proteger por completo su veh\u00edculo<\/div><\/div>\n<p>En este sentido el uso de mascarillas por parte de personas que viajen solas podr\u00edan acarrear multas. <b>Las autoridades est\u00e1n en condici\u00f3n de multar al chofer que aun estando solo dentro del coche, lleve puesta la mascarilla, si la misma no es adecuada<\/b> \u2013muy grande o muy peque\u00f1a- pudiendo causar distracci\u00f3n en el conductor.<\/p>\n<p>Igualmente hay que resaltar que el uso de la mascarilla hace que los cristales de los anteojos se empa\u00f1en, limitando el campo visual de quien conduce.<\/p>\n<p>Este es el segundo escenario en el que el uso de las mascarillas m\u00e1s que ventajoso, pudiera ocasionar que el chofer se gane una boleta.<\/p>\n<p>El Ministerio de Transportes, Movilidad y Agenda Urbana, organismo encargado de vigilar el cumplimiento de las normas de seguridad vial, permite que<b> los funcionarios de seguridad emitan multas que van 80 euros en adelante a quienes incumples con las normativas correspondientes<\/b>.<\/p>\n<h2><span class=\"ez-toc-section\" id=\"Consideraciones_a_la_hora_de_usar_tu_mascarilla\"><\/span><b>Consideraciones a la hora de usar tu mascarilla<\/b><span class=\"ez-toc-section-end\"><\/span><\/h2>\n<p>Aun cuando viajes solo en tu coche y no tengas que llevar mascarilla, es importante que el due\u00f1o del coche se encargue de realizar un proceso de desinfecci\u00f3n cada vez que se suba al veh\u00edculo.<\/p>\n<p>Con alcohol o gel desinfectante, <i>el chofer debe desinfectar tanto sus manos, como el volante, las palancas y los botones que usualmente se tocan al conducir<\/i>.<\/p>\n<p>Igualmente hay que tomar en cuenta que dentro del mismo veh\u00edculo <b>pueden viajar varios miembros del mismo n\u00facleo familiar sin que se tengan que adoptar medidas de cuidado<\/b>, como distanciamiento o uso de mascarillas.<\/p>\n<div class='et-box et-shadow'>\n\t\t\t\t\t<div class='et-box-content'>Revise los nuevos <a href=\"https:\/\/www.seguros-generales.es\/seguros-coche.html\" target=\"_blank\" rel=\"noopener\">seguros de coche <\/a>para que haga siempre la mejor elecci\u00f3n del mercado<\/div><\/div>\n<p>Igualmente cabe aclarar, que cuando se trata de un grupo familiar que reside en el mismo hogar, no es necesario respetar la cantidad de pasajeros dentro del coche.<\/p>\n<p><i>Antes de bajar del coche es necesario que se coloque la mascarilla de manera adecuada<\/i>. Cuidando que la boca y la nariz queden bien cubiertos, sin tocar la parte frontal de la misma.<\/p>\n","protected":false},"excerpt":{"rendered":"<p>El uso de mascarillas a causa del COVID-19 es obligatorio cuando estamos fuera de nuestros hogares, esto como una medida para evitar la propagaci\u00f3n del virus. Sin embargo, hay una duda recurrente para los conductores, \u00bfqu\u00e9 tan apropiado es llevar la mascarilla dentro del coche? Quienes tienen que viajar en transporte p\u00fablico deben compartir dicho [&hellip;]<\/p>\n","protected":false},"author":1,"featured_media":917,"comment_status":"open","ping_status":"open","sticky":false,"template":"","format":"standard","meta":{"_et_pb_use_builder":"","_et_pb_old_content":"","_et_gb_content_width":"","footnotes":""},"categories":[624,596],"tags":[627,628],"class_list":["post-916","post","type-post","status-publish","format-standard","has-post-thumbnail","hentry","category-coronavirus","category-consejos","tag-coronavirus","tag-mascarilla-al-conducir"],"_links":{"self":[{"href":"https:\/\/www.coche-seguro.es\/blog\/wp-json\/wp\/v2\/posts\/916","targetHints":{"allow":["GET"]}}],"collection":[{"href":"https:\/\/www.coche-seguro.es\/blog\/wp-json\/wp\/v2\/posts"}],"about":[{"href":"https:\/\/www.coche-seguro.es\/blog\/wp-json\/wp\/v2\/types\/post"}],"author":[{"embeddable":true,"href":"https:\/\/www.coche-seguro.es\/blog\/wp-json\/wp\/v2\/users\/1"}],"replies":[{"embeddable":true,"href":"https:\/\/www.coche-seguro.es\/blog\/wp-json\/wp\/v2\/comments?post=916"}],"version-history":[{"count":1,"href":"https:\/\/www.coche-seguro.es\/blog\/wp-json\/wp\/v2\/posts\/916\/revisions"}],"predecessor-version":[{"id":918,"href":"https:\/\/www.coche-seguro.es\/blog\/wp-json\/wp\/v2\/posts\/916\/revisions\/918"}],"wp:featuredmedia":[{"embeddable":true,"href":"https:\/\/www.coche-seguro.es\/blog\/wp-json\/wp\/v2\/media\/917"}],"wp:attachment":[{"href":"https:\/\/www.coche-seguro.es\/blog\/wp-json\/wp\/v2\/media?parent=916"}],"wp:term":[{"taxonomy":"category","embeddable":true,"href":"https:\/\/www.coche-seguro.es\/blog\/wp-json\/wp\/v2\/categories?post=916"},{"taxonomy":"post_tag","embeddable":true,"href":"https:\/\/www.coche-seguro.es\/blog\/wp-json\/wp\/v2\/tags?post=916"}],"curies":[{"name":"wp","href":"https:\/\/api.w.org\/{rel}","templated":true}]}}