{"id":940,"date":"2020-10-26T13:54:54","date_gmt":"2020-10-26T11:54:54","guid":{"rendered":"https:\/\/www.coche-seguro.es\/blog\/?p=940"},"modified":"2023-12-17T23:24:47","modified_gmt":"2023-12-17T21:24:47","slug":"coches-usados-desechados-en-espana-provocan-desastre-en-nairobi","status":"publish","type":"post","link":"https:\/\/www.coche-seguro.es\/blog\/coches-usados-desechados-en-espana-provocan-desastre-en-nairobi\/10\/2020\/","title":{"rendered":"Coches usados desechados en Espa\u00f1a provocan desastre en Nairobi"},"content":{"rendered":"<p>Los <b>coches usados desechados en Espa\u00f1a provocan desastre en Nairobi<\/b>, alerta la ONU, y asegura que dificultan la remisi\u00f3n de la crisis clim\u00e1tica. Asimismo, afirma que los veh\u00edculos de segunda mano, que Espa\u00f1a, Estados Unidos y Jap\u00f3n exportan a pa\u00edses pobres, son de mala calidad.<\/p>\n<p>Que adem\u00e1s de ser de baja calidad, no son respetuosos con el medio ambiente, al contrario, son millones de autom\u00f3viles, furgonetas y minibuses que <b>contaminan el ambiente<\/b> y son un obst\u00e1culo para controlar los efectos de la crisis clim\u00e1tica.<\/p>\n<div class='et-box et-shadow'>\n\t\t\t\t\t<div class='et-box-content'>Utilice siempre el mejor <a href=\"https:\/\/www.seguros-generales.es\/\" target=\"_blank\" rel=\"noopener\">comparador de seguros de coche<\/a> para proteger por completo su veh\u00edculo<\/div><\/div>\n<p>Esta es solo una de las conclusiones presentadas en el informe elaborado en Nairobi, por el Programa de las Naciones Unidas para el Medio Ambiente (PNUMA). De hecho, entre 2015 y 2018, se exportaron al mundo, alrededor de <b>14 millones de veh\u00edculos de segunda mano<\/b> y del total, el 80% fue destinado a pa\u00edses de pobres ingresos, en especial de \u00c1frica.<\/p>\n<p>En este sentido, los pa\u00edses pobres de <b>\u00c1frica importaron un 40% de veh\u00edculos usados<\/b> y en los pa\u00edses de Europa del Este importaron un 24%. Mientras que los pa\u00edses de As\u00eda-Pac\u00edfico importaron un 15%, en Oriente Medio un 12% y en Am\u00e9rica Latina solo importaron un 9%.<\/p>\n<p>En consecuencia, para elaborar el informe se analizaron los datos y estad\u00edsticas de 146 pa\u00edses en el mundo. Y los resultados indicaron que unas dos terceras partes de los pa\u00edses a donde fueron exportados tienen d\u00e9biles o muy d\u00e9biles pol\u00edticas que regulan la importaci\u00f3n de veh\u00edculos de segunda mano.<\/p>\n<div id=\"ez-toc-container\" class=\"ez-toc-v2_0_82_2 counter-hierarchy ez-toc-counter ez-toc-grey ez-toc-container-direction\">\n<div class=\"ez-toc-title-container\">\n<p class=\"ez-toc-title\" style=\"cursor:inherit\">Table of Contents<\/p>\n<span class=\"ez-toc-title-toggle\"><a href=\"#\" class=\"ez-toc-pull-right ez-toc-btn ez-toc-btn-xs ez-toc-btn-default ez-toc-toggle\" aria-label=\"Alternar tabla de contenidos\"><span class=\"ez-toc-js-icon-con\"><span class=\"\"><span class=\"eztoc-hide\" style=\"display:none;\">Toggle<\/span><span class=\"ez-toc-icon-toggle-span\"><svg style=\"fill: #999;color:#999\" xmlns=\"http:\/\/www.w3.org\/2000\/svg\" class=\"list-377408\" width=\"20px\" height=\"20px\" viewBox=\"0 0 24 24\" fill=\"none\"><path d=\"M6 6H4v2h2V6zm14 0H8v2h12V6zM4 11h2v2H4v-2zm16 0H8v2h12v-2zM4 16h2v2H4v-2zm16 0H8v2h12v-2z\" fill=\"currentColor\"><\/path><\/svg><svg style=\"fill: #999;color:#999\" class=\"arrow-unsorted-368013\" xmlns=\"http:\/\/www.w3.org\/2000\/svg\" width=\"10px\" height=\"10px\" viewBox=\"0 0 24 24\" version=\"1.2\" baseProfile=\"tiny\"><path d=\"M18.2 9.3l-6.2-6.3-6.2 6.3c-.2.2-.3.4-.3.7s.1.5.3.7c.2.2.4.3.7.3h11c.3 0 .5-.1.7-.3.2-.2.3-.5.3-.7s-.1-.5-.3-.7zM5.8 14.7l6.2 6.3 6.2-6.3c.2-.2.3-.5.3-.7s-.1-.5-.3-.7c-.2-.2-.4-.3-.7-.3h-11c-.3 0-.5.1-.7.3-.2.2-.3.5-.3.7s.1.5.3.7z\"\/><\/svg><\/span><\/span><\/span><\/a><\/span><\/div>\n<nav><ul class='ez-toc-list ez-toc-list-level-1 ' ><li class='ez-toc-page-1 ez-toc-heading-level-2'><a class=\"ez-toc-link ez-toc-heading-1\" href=\"https:\/\/www.coche-seguro.es\/blog\/coches-usados-desechados-en-espana-provocan-desastre-en-nairobi\/10\/2020\/#Los_vehiculos_usados_sin_regulacion_son_una_fuente_contaminante_del_aire\" >Los veh\u00edculos usados sin regulaci\u00f3n, son una fuente contaminante del aire<\/a><\/li><li class='ez-toc-page-1 ez-toc-heading-level-2'><a class=\"ez-toc-link ez-toc-heading-2\" href=\"https:\/\/www.coche-seguro.es\/blog\/coches-usados-desechados-en-espana-provocan-desastre-en-nairobi\/10\/2020\/#Paises_mas_afectados_por_la_importacion_de_vehiculos_de_segunda_mano\" >Pa\u00edses m\u00e1s afectados por la importaci\u00f3n de veh\u00edculos de segunda mano<\/a><\/li><\/ul><\/nav><\/div>\n<h2><span class=\"ez-toc-section\" id=\"Los_vehiculos_usados_sin_regulacion_son_una_fuente_contaminante_del_aire\"><\/span>Los veh\u00edculos usados sin regulaci\u00f3n, son una fuente contaminante del aire<span class=\"ez-toc-section-end\"><\/span><\/h2>\n<p>Es una situaci\u00f3n preocupante, pues el hecho de que haya un crecimiento acelerado de la flota de veh\u00edculos a nivel mundial, indica que es una gran fuente potencial de contaminaci\u00f3n del aire, que contribuye al cambio clim\u00e1tico.<\/p>\n<p>As\u00ed lo asegura PNUMA y, adem\u00e1s, es un hecho cierto que se responsabiliza al sector transporte de alrededor de una cuarta parte de las emisiones efecto invernadero, generadas a nivel global y relacionadas con la energ\u00eda.<\/p>\n<div class='et-box et-shadow'>\n\t\t\t\t\t<div class='et-box-content'><a href=\"https:\/\/www.seguros-generales.es\/seguros-coche.html\" target=\"_blank\" rel=\"noopener\">Revise los nuevos seguros de coche para que haga siempre la mejor elecci\u00f3n del mercado<\/a><\/div><\/div>\n<p>En el mismo sentido, asegura Inger Andersen, directora ejecutiva de PNUMA, que la manera de garantizar que se logren los objetivos de calidad de aire y clima, es asegurando <b>una flota de veh\u00edculos limpios a todos los niveles.\u00a0<\/b><\/p>\n<p>Se refiri\u00f3 tambi\u00e9n a que los pa\u00edses desarrollados, por un largo per\u00edodo de tiempo han exportado veh\u00edculos usados, a pa\u00edses menos desarrollados. Sin que haya en algunos pa\u00edses, normas estrictas que regulen este proceso de exportaci\u00f3n. Por lo tanto, son veh\u00edculos que contaminan el ambiente de los pa\u00edses que los importan.<\/p>\n<p>Raz\u00f3n por la cual, considera que es necesario dejar de exportar veh\u00edculos usados que no cumplan con las exigencias ambientales, para sacarlos del pa\u00eds de origen. Y que adem\u00e1s los pa\u00edses importadores, introduzcan <b>est\u00e1ndares de calidad <\/b>que les permita seleccionar o desechar veh\u00edculos usados que no cumplan con los niveles de exigencia estipulados.<\/p>\n<h2><span class=\"ez-toc-section\" id=\"Paises_mas_afectados_por_la_importacion_de_vehiculos_de_segunda_mano\"><\/span>Pa\u00edses m\u00e1s afectados por la importaci\u00f3n de veh\u00edculos de segunda mano<span class=\"ez-toc-section-end\"><\/span><\/h2>\n<p>Los veh\u00edculos de segunda mano que exportan los pa\u00edses europeos, tienen muchos a\u00f1os de antig\u00fcedad. Los Pa\u00edses Bajos, por ejemplo, exportan veh\u00edculos que fueron evaluados y ten\u00edan alrededor de <b>16 a 20 a\u00f1os de antig\u00fcedad.<\/b> Y por supuesto no dispon\u00edan de un certificado que garantizara su aptitud para circular y muchos menos para ser exportado.<\/p>\n<p>Los que importaron en <b>Gambia ten\u00edan una antig\u00fcedad promedio de 19 a\u00f1os<\/b>, y los exportados a <b>Nigeria, ten\u00edan 20 a\u00f1os<\/b>. Son veh\u00edculos pr\u00e1cticamente para desecho, que son exportados a otros pa\u00edses y llegan causando da\u00f1os y problemas de contaminaci\u00f3n.<\/p>\n<p>En este sentido, Stientje Van Veldhoven, ministra de Holanda del Medio Ambiente, se\u00f1al\u00f3 que estas cifras indican que es urgente y necesario mejorar la calidad de los veh\u00edculos que se exportan de Europa. Y para lograrlo, es necesario que haya una relaci\u00f3n estrecha entre los pa\u00edses europeos y africanos, para regular la exportaci\u00f3n e importaci\u00f3n de veh\u00edculos usados.<\/p>\n<p>En el mismo sentido, Kwabena Frimpong-Boateng ministro de Ghana de Medio Ambiente, asegur\u00f3 que es muy claro el impacto negativo en el ambiente, de los veh\u00edculos usados importados. Explic\u00f3, asimismo, que los datos en Accra sobre calidad del aire validan el hecho de que el <b>transporte es la principal causa de contaminaci\u00f3n del aire en \u00c1frica<\/b>.<\/p>\n<p>En consecuencia, se\u00f1ala el informe, que los veh\u00edculos de segunda mano de baja calidad generan mayor cantidad de accidentes de tr\u00e1fico en pa\u00edses como Malaui, Nigeria, Zimbabue y Burundi, donde las regulaciones son d\u00e9biles o muy d\u00e9biles.<\/p>\n<div class='et-box et-shadow'>\n\t\t\t\t\t<div class='et-box-content'><strong>Asegure su veh\u00edculo con el mejor <\/strong><a href=\"https:\/\/www.seguros-generales.es\/seguros-coche.html\" target=\"_blank\" rel=\"noopener\">seguro de coches<\/a><\/div><\/div>\n","protected":false},"excerpt":{"rendered":"<p>Los coches usados desechados en Espa\u00f1a provocan desastre en Nairobi, alerta la ONU, y asegura que dificultan la remisi\u00f3n de la crisis clim\u00e1tica. Asimismo, afirma que los veh\u00edculos de segunda mano, que Espa\u00f1a, Estados Unidos y Jap\u00f3n exportan a pa\u00edses pobres, son de mala calidad. Que adem\u00e1s de ser de baja calidad, no son respetuosos [&hellip;]<\/p>\n","protected":false},"author":1,"featured_media":941,"comment_status":"open","ping_status":"open","sticky":false,"template":"","format":"standard","meta":{"_et_pb_use_builder":"","_et_pb_old_content":"","_et_gb_content_width":"","footnotes":""},"categories":[577],"tags":[640,642,641],"class_list":["post-940","post","type-post","status-publish","format-standard","has-post-thumbnail","hentry","category-coche-usado","tag-coches-usados","tag-desastre-natural","tag-nairobi"],"_links":{"self":[{"href":"https:\/\/www.coche-seguro.es\/blog\/wp-json\/wp\/v2\/posts\/940","targetHints":{"allow":["GET"]}}],"collection":[{"href":"https:\/\/www.coche-seguro.es\/blog\/wp-json\/wp\/v2\/posts"}],"about":[{"href":"https:\/\/www.coche-seguro.es\/blog\/wp-json\/wp\/v2\/types\/post"}],"author":[{"embeddable":true,"href":"https:\/\/www.coche-seguro.es\/blog\/wp-json\/wp\/v2\/users\/1"}],"replies":[{"embeddable":true,"href":"https:\/\/www.coche-seguro.es\/blog\/wp-json\/wp\/v2\/comments?post=940"}],"version-history":[{"count":1,"href":"https:\/\/www.coche-seguro.es\/blog\/wp-json\/wp\/v2\/posts\/940\/revisions"}],"predecessor-version":[{"id":942,"href":"https:\/\/www.coche-seguro.es\/blog\/wp-json\/wp\/v2\/posts\/940\/revisions\/942"}],"wp:featuredmedia":[{"embeddable":true,"href":"https:\/\/www.coche-seguro.es\/blog\/wp-json\/wp\/v2\/media\/941"}],"wp:attachment":[{"href":"https:\/\/www.coche-seguro.es\/blog\/wp-json\/wp\/v2\/media?parent=940"}],"wp:term":[{"taxonomy":"category","embeddable":true,"href":"https:\/\/www.coche-seguro.es\/blog\/wp-json\/wp\/v2\/categories?post=940"},{"taxonomy":"post_tag","embeddable":true,"href":"https:\/\/www.coche-seguro.es\/blog\/wp-json\/wp\/v2\/tags?post=940"}],"curies":[{"name":"wp","href":"https:\/\/api.w.org\/{rel}","templated":true}]}}